{"provider_url": "https://www.guadalupe.pi.leg.br", "title": "Galeria dos Vereadores", "html": "<p align=\"center\"><strong>20\u00aa Legislatura (01/01/2025 a 31/12/2028)</strong></p>\r\n<div class=\"visualClear\">\r\n<table class=\"plain\">\r\n<tbody>\r\n<tr><th style=\"text-align: center; \">\r\n<div class=\"visualClear\" style=\"text-align: center; \"><a class=\"external-link\" href=\"https://sapl.guadalupe.pi.leg.br/parlamentar/2\" target=\"_blank\" title=\"AdaoMoura\"><img src=\"https://www.guadalupe.pi.leg.br/imagens/vereadores-2025-2028/adao-moura-140.jpg\" alt=\"Ad\u00e3o Moura 140.jpg\" class=\"image-inline\" title=\"Ad\u00e3o Moura 140.jpg\" /></a></div>\r\n<div class=\"visualClear\" style=\"text-align: center; \"><a class=\"external-link\" href=\"https://sapl.guadalupe.pi.leg.br/parlamentar/2\" target=\"_blank\" title=\"AdaoMoura\">Ad\u00e3o Moura</a></div>\r\n</th><th class=\"visualClear\">\r\n<div style=\"text-align: center; \"><a class=\"external-link\" href=\"https://sapl.guadalupe.pi.leg.br/parlamentar/12\" target=\"_self\" title=\"amj\"><img src=\"https://www.guadalupe.pi.leg.br/imagens/vereadores-2025-2028/amadeujr140\" alt=\"amadeujr140\" class=\"image-inline\" title=\"amadeujr140\" /></a></div>\r\n<div style=\"text-align: center; \"><a class=\"external-link\" href=\"https://sapl.guadalupe.pi.leg.br/parlamentar/12\" target=\"_self\" title=\"amj\">Amadeu Jr</a></div>\r\n</th><th>\r\n<div class=\"visualClear\" style=\"text-align: center; \"><a class=\"external-link\" href=\"https://sapl.guadalupe.pi.leg.br/parlamentar/14\" target=\"_self\" title=\"drdg\"><img src=\"https://www.guadalupe.pi.leg.br/imagens/vereadores-2025-2028/dilson140.jpeg\" alt=\"dilson140.jpeg\" class=\"image-inline\" title=\"dilson140.jpeg\" /></a></div>\r\n<div class=\"visualClear\" style=\"text-align: center; \"><a class=\"external-link\" href=\"https://sapl.guadalupe.pi.leg.br/parlamentar/14\" target=\"_self\" title=\"drdg\">Dr. Dilson</a></div>\r\n</th><th class=\"visualClear\">\r\n<div style=\"text-align: center; \"><a class=\"external-link\" href=\"https://sapl.guadalupe.pi.leg.br/parlamentar/16\" target=\"_self\" title=\"Domingos\"><img src=\"https://www.guadalupe.pi.leg.br/imagens/vereadores-2025-2028/domingos_martins140.jpg\" alt=\"domingos_martins140.jpg\" class=\"image-inline\" title=\"domingos_martins140.jpg\" /></a></div>\r\n<div style=\"text-align: center; \"><a class=\"external-link\" href=\"https://sapl.guadalupe.pi.leg.br/parlamentar/16\" target=\"_self\" title=\"Domingos\">Domingos Martins</a></div>\r\n</th><th class=\"visualClear\">\r\n<div style=\"text-align: center; \"><a class=\"external-link\" href=\"https://sapl.guadalupe.pi.leg.br/parlamentar/19\" target=\"_blank\" title=\"JoaoMartins\"><img src=\"https://www.guadalupe.pi.leg.br/imagens/vereadores-2025-2028/joao_martins140.jpg\" alt=\"joao_martins140.jpg\" class=\"image-inline\" title=\"joao_martins140.jpg\" /></a></div>\r\n<div style=\"text-align: center; \"><a class=\"external-link\" href=\"https://sapl.guadalupe.pi.leg.br/parlamentar/19\" target=\"_blank\" title=\"JoaoMartins\">Jo\u00e3o Martins</a></div>\r\n</th></tr>\r\n<tr>\r\n<td class=\"visualClear\">\r\n<div class=\"visualClear\" style=\"text-align: center; \"><a class=\"external-link\" href=\"https://sapl.guadalupe.pi.leg.br/parlamentar/17\" target=\"_self\" title=\"Lorena\"><img src=\"https://www.guadalupe.pi.leg.br/imagens/vereadores-2025-2028/lorena140.jpg\" alt=\"lorena140.jpg\" class=\"image-inline\" title=\"lorena140.jpg\" /></a></div>\r\n<div class=\"visualClear\" style=\"text-align: center; \"><a class=\"external-link\" href=\"https://sapl.guadalupe.pi.leg.br/parlamentar/17\" target=\"_self\" title=\"Lorena\">Lorena Antunes</a></div>\r\n</td>\r\n<td class=\"visualClear\">\r\n<div class=\"visualClear\" style=\"text-align: center; \"><a class=\"external-link\" href=\"https://sapl.guadalupe.pi.leg.br/parlamentar/18\" target=\"_blank\" title=\"Naum\"><img src=\"https://www.guadalupe.pi.leg.br/imagens/vereadores-2025-2028/naum140.jpg\" alt=\"naum140.jpg\" class=\"image-inline\" title=\"naum140.jpg\" /></a></div>\r\n<div class=\"visualClear\" style=\"text-align: center; \"><a class=\"external-link\" href=\"https://sapl.guadalupe.pi.leg.br/parlamentar/18\" target=\"_blank\" title=\"Naum\">Naum Passos</a></div>\r\n</td>\r\n<td class=\"visualClear\">\r\n<div class=\"visualClear\" style=\"text-align: center; \"><a class=\"external-link\" href=\"https://sapl.guadalupe.pi.leg.br/parlamentar/10\" target=\"_blank\" title=\"tharlis\"><img src=\"https://www.guadalupe.pi.leg.br/imagens/vereadores-2025-2028/tharlis.jpg\" alt=\"tharlis.jpg\" class=\"image-inline\" title=\"tharlis.jpg\" /></a></div>\r\n<div class=\"visualClear\" style=\"text-align: center; \"><a class=\"external-link\" href=\"https://sapl.guadalupe.pi.leg.br/parlamentar/10\" target=\"_blank\" title=\"tharlis\">Tharlis Santos</a></div>\r\n</td>\r\n<td class=\"visualClear\">\r\n<div class=\"visualClear\" style=\"text-align: center; \"><a class=\"external-link\" href=\"https://sapl.guadalupe.pi.leg.br/parlamentar/13\" target=\"_self\" title=\"vanuza\"><img src=\"https://www.guadalupe.pi.leg.br/imagens/vereadores-2025-2028/vanuza-monteiro140.jpeg\" alt=\"Vanuza Monteiro140.jpeg\" class=\"image-inline\" title=\"Vanuza Monteiro140.jpeg\" /></a></div>\r\n<div class=\"visualClear\" style=\"text-align: center; \"><a class=\"external-link\" href=\"https://sapl.guadalupe.pi.leg.br/parlamentar/13\" target=\"_self\" title=\"vanuza\">Vanuza Monteiro</a></div>\r\n</td>\r\n<td class=\"visualClear\">\r\n<div class=\"visualClear\"></div>\r\n</td>\r\n</tr>\r\n</tbody>\r\n</table>\r\n</div>\r\n<div class=\"visualClear\"></div>\r\n<h3 style=\"text-align: center; \"><strong><br /></strong></h3>\r\n<h3 style=\"text-align: center; \"><strong>19\u00aa Legislatura (01/01/2021 a 31/12/2024)</strong></h3>\r\n<table class=\"plain\">\r\n<tbody>\r\n<tr><th style=\"text-align: center; \">\r\n<div class=\"visualClear\"><img src=\"https://www.guadalupe.pi.leg.br/imagens/vereadores-2017-2020/Ado.jpg\" alt=\"Ad\u00e3o\" class=\"image-inline\" title=\"Ad\u00e3o\" /></div>\r\nAd\u00e3o Moura</th><th>\r\n<div class=\"visualClear\"><img src=\"https://www.guadalupe.pi.leg.br/imagens/vereadores-2021-2024/amadeutemp.jpg\" alt=\"Amadeutemp.jpg\" class=\"image-inline\" title=\"Amadeutemp.jpg\" /></div>\r\n<div class=\"visualClear\" style=\"text-align: center; \">Amadeu J\u00fanior</div>\r\n</th><th class=\"visualClear\">\r\n<div><img src=\"https://www.guadalupe.pi.leg.br/imagens/vereadores-2021-2024/dilson140-1.jpeg\" alt=\"Dilson140.1.jpeg\" class=\"image-inline\" title=\"Dilson140.1.jpeg\" /></div>\r\n<div style=\"text-align: center; \">Dr. D\u00edlson Gomes</div>\r\n</th><th class=\"visualClear\">\r\n<div>\r\n<div class=\"visualClear\"><img src=\"https://www.guadalupe.pi.leg.br/imagens/vereadores-2017-2020/Francineth.jpg\" alt=\"Francineth\" class=\"image-inline\" title=\"Francineth\" /></div>\r\n<div class=\"visualClear\" style=\"text-align: center; \"><strong>Francineth Lima</strong></div>\r\n</div>\r\n</th><th class=\"visualClear\">\r\n<div>\r\n<div style=\"text-align: center; \"><img src=\"https://www.guadalupe.pi.leg.br/imagens/vereadores-2017-2020/Hlvia.jpg\" alt=\"H\u00e9lvia\" class=\"image-inline\" title=\"H\u00e9lvia\" /></div>\r\n<div style=\"text-align: center; \">H\u00e9lvia de Almeida</div>\r\n</div>\r\n</th></tr>\r\n<tr>\r\n<td>\r\n<div class=\"visualClear\"><img src=\"https://www.guadalupe.pi.leg.br/imagens/vereadores-2017-2020/Jesse.jpg\" alt=\"Jesse\" class=\"image-inline\" title=\"Jesse\" /></div>\r\n<div class=\"visualClear\" style=\"text-align: center; \"><strong>Jesse James</strong></div>\r\n</td>\r\n<td class=\"visualClear\">\r\n<div>\r\n<div style=\"text-align: center; \"><img src=\"https://www.guadalupe.pi.leg.br/imagens/vereadores-2017-2020/Luciana.jpg\" alt=\"Luciana\" class=\"image-inline\" title=\"Luciana\" /></div>\r\n<div style=\"text-align: center; \"><strong>Luciana Martins</strong></div>\r\n</div>\r\n</td>\r\n<td style=\"text-align: center; \">\r\n<div class=\"visualClear\"><img src=\"https://www.guadalupe.pi.leg.br/imagens/vereadores-2017-2020/Odair.jpg\" alt=\"Odair\" class=\"image-inline\" title=\"Odair\" /></div>\r\n<div class=\"visualClear\"><strong>Odair Holanda</strong></div>\r\n</td>\r\n<td style=\"text-align: center; \">\r\n<div class=\"visualClear\"><img src=\"https://www.guadalupe.pi.leg.br/imagens/vereadores-2021-2024/vanuzatemp.jpg\" alt=\"Vanuzatemp.jpg\" class=\"image-inline\" title=\"Vanuzatemp.jpg\" /></div>\r\n<div class=\"visualClear\"><strong>Vanuza Monteiro</strong></div>\r\n<div class=\"visualClear\"></div>\r\n</td>\r\n<td></td>\r\n</tr>\r\n</tbody>\r\n</table>\r\n<h3 style=\"text-align: center; \"><strong><br /></strong></h3>\r\n<h3 style=\"text-align: center; \"><strong>18\u00aa Legislatura (01/01/2017 a 31/12/2020)</strong></h3>\r\n<table class=\"plain\">\r\n<tbody>\r\n<tr></tr>\r\n<tr><th style=\"text-align: center; \">\r\n<div class=\"visualClear\"><img src=\"https://www.guadalupe.pi.leg.br/imagens/vereadores-2017-2020/Ado.jpg\" alt=\"Ad\u00e3o\" class=\"image-inline\" title=\"Ad\u00e3o\" /></div>\r\nAd\u00e3o Moura</th><th>\r\n<div style=\"text-align: center; \"><img src=\"https://www.guadalupe.pi.leg.br/imagens/vereadores-2017-2020/Hlvia.jpg\" alt=\"H\u00e9lvia\" class=\"image-inline\" title=\"H\u00e9lvia\" /></div>\r\n<div style=\"text-align: center; \">H\u00e9lvia de Almeida</div>\r\n</th><th style=\"text-align: center; \">\r\n<div class=\"visualClear\"><img src=\"https://www.guadalupe.pi.leg.br/imagens/vereadores-2017-2020/Jesse.jpg\" alt=\"Jesse\" class=\"image-inline\" title=\"Jesse\" /></div>\r\n<div class=\"visualClear\">Jesse James</div>\r\n</th><th>\r\n<div style=\"text-align: center; \"><img src=\"https://www.guadalupe.pi.leg.br/imagens/vereadores-2017-2020/Luciana.jpg\" alt=\"Luciana\" class=\"image-inline\" title=\"Luciana\" /></div>\r\n<div style=\"text-align: center; \">Luciana Martins</div>\r\n</th><th class=\"visualClear\">\r\n<div class=\"visualClear\"><img src=\"https://www.guadalupe.pi.leg.br/imagens/vereadores-2017-2020/Marcelo.jpg\" alt=\"Marcelo\" class=\"image-inline\" title=\"Marcelo\" /></div>\r\n<div class=\"visualClear\" style=\"text-align: center; \">Marcelo Mota</div>\r\n</th></tr>\r\n<tr>\r\n<td class=\"visualClear\">\r\n<div><img src=\"https://www.guadalupe.pi.leg.br/imagens/vereadores-2017-2020/Martinez.jpg\" alt=\"Martinez\" class=\"image-inline\" title=\"Martinez\" /></div>\r\n<div style=\"text-align: center; \"><strong>Martinez Duarte</strong></div>\r\n</td>\r\n<td style=\"text-align: center; \">\r\n<div class=\"visualClear\"><img src=\"https://www.guadalupe.pi.leg.br/imagens/vereadores-2017-2020/Odair.jpg\" alt=\"Odair\" class=\"image-inline\" title=\"Odair\" /></div>\r\n<div class=\"visualClear\"><strong>Odair Holanda</strong></div>\r\n</td>\r\n<td class=\"visualClear\">\r\n<div style=\"text-align: center; \"><img src=\"https://www.guadalupe.pi.leg.br/imagens/vereadores-2017-2020/Surama1.jpg\" alt=\"Surama\" class=\"image-inline\" title=\"Surama\" /></div>\r\n<div style=\"text-align: center; \"><strong>Surama Martins</strong></div>\r\n</td>\r\n<td class=\"visualClear\">\r\n<div style=\"text-align: center; \"><img src=\"https://www.guadalupe.pi.leg.br/imagens/vereadores-2017-2020/Tharlis.jpg\" alt=\"Tharlis\" class=\"image-inline\" title=\"Tharlis\" /></div>\r\n<div style=\"text-align: center; \"><strong>Tharlis Santos</strong></div>\r\n</td>\r\n<td></td>\r\n</tr>\r\n<tr>\r\n<td>\r\n<div class=\"visualClear\"><img src=\"https://www.guadalupe.pi.leg.br/imagens/vereadores-2017-2020/Francineth.jpg\" alt=\"Francineth\" class=\"image-inline\" title=\"Francineth\" /></div>\r\n<div class=\"visualClear\" style=\"text-align: center; \"><strong>Francineth Lima</strong></div>\r\n</td>\r\n<td></td>\r\n<td></td>\r\n<td></td>\r\n<td></td>\r\n</tr>\r\n</tbody>\r\n</table>\r\n<div class=\"visualClear\">\u00a0</div>\r\n<h3 style=\"text-align: center; \"><strong>17\u00aa Legislatura (01/01/2013 a 31/12/2016)</strong></h3>\r\n<table class=\"plain\">\r\n<tbody>\r\n<tr><th style=\"text-align: center; \">\r\n<div class=\"visualClear\"><img src=\"https://www.guadalupe.pi.leg.br/imagens/vereadores-2013.2016/alderico140.jpg\" alt=\"Alderico140.JPG\" class=\"image-inline\" title=\"Alderico140.JPG\" /></div>\r\n<div class=\"visualClear\"><strong>Alderico</strong> Mousinho</div>\r\n</th><th>\r\n<div class=\"visualClear\"><img src=\"https://www.guadalupe.pi.leg.br/imagens/vereadores-2013.2016/amadeu140.jpg\" alt=\"Amadeu140.JPG\" class=\"image-inline\" title=\"Amadeu140.JPG\" /></div>\r\n<div class=\"visualClear\" style=\"text-align: center; \">Amadeu J\u00fanior</div>\r\n</th><th>\r\n<div class=\"visualClear\"><img src=\"https://www.guadalupe.pi.leg.br/imagens/vereadores-2013.2016/ana-lucia140.jpg\" alt=\"Ana L\u00facia140.jpg\" class=\"image-inline\" title=\"Ana L\u00facia140.jpg\" /></div>\r\n<div class=\"visualClear\" style=\"text-align: center; \">Dr\u00aa. Ana L\u00facia</div>\r\n</th><th>\r\n<div class=\"visualClear\"><img src=\"https://www.guadalupe.pi.leg.br/imagens/vereadores-2013.2016/dr-fernandes140.jpg\" alt=\"Dr. Fernandes140.jpg\" class=\"image-inline\" title=\"Dr. Fernandes140.jpg\" /></div>\r\n<div class=\"visualClear\" style=\"text-align: center; \">Dr. Fernandes</div>\r\n</th><th>\r\n<div class=\"visualClear\"><img src=\"https://www.guadalupe.pi.leg.br/imagens/vereadores-2013.2016/edivan140.jpg\" alt=\"Edivan140.jpg\" class=\"image-inline\" title=\"Edivan140.jpg\" /></div>\r\n<div class=\"visualClear\" style=\"text-align: center; \">Edivan Miranda</div>\r\n</th></tr>\r\n<tr>\r\n<td>\r\n<div class=\"visualClear\" style=\"text-align: center; \"><img src=\"https://www.guadalupe.pi.leg.br/imagens/vereadores-2013.2016/jesse-james140.jpg\" alt=\"Jesse James140.JPG\" class=\"image-inline\" title=\"Jesse James140.JPG\" /></div>\r\n<div class=\"visualClear\" style=\"text-align: center; \"><strong>Jesse James</strong></div>\r\n</td>\r\n<td style=\"text-align: center; \">\r\n<div class=\"visualClear\"><img src=\"https://www.guadalupe.pi.leg.br/imagens/vereadores-2013.2016/surama140.jpg\" alt=\"Surama140.JPG\" class=\"image-inline\" title=\"Surama140.JPG\" /></div>\r\n<div class=\"visualClear\"><strong>Surama Martins</strong></div>\r\n</td>\r\n<td style=\"text-align: center; \">\r\n<div class=\"visualClear\"><img src=\"https://www.guadalupe.pi.leg.br/imagens/vereadores-2013.2016/ze-da-ines140.jpg\" alt=\"Z\u00e9 da In\u00eas140.JPG\" class=\"image-inline\" title=\"Z\u00e9 da In\u00eas140.JPG\" /></div>\r\n<div class=\"visualClear\"><strong>Z\u00e9 da In\u00eas</strong></div>\r\n</td>\r\n<td style=\"text-align: center; \">\r\n<div class=\"visualClear\"><img src=\"https://www.guadalupe.pi.leg.br/imagens/vereadores-2013.2016/ze-mota140.jpg\" alt=\"Z\u00e9 Mota140.jpg\" class=\"image-inline\" title=\"Z\u00e9 Mota140.jpg\" /></div>\r\n<div class=\"visualClear\"><strong>Z\u00e9 Mota</strong></div>\r\n</td>\r\n<td></td>\r\n</tr>\r\n<tr>\r\n<td>\r\n<div class=\"visualClear\" style=\"text-align: center; \"><img src=\"https://www.guadalupe.pi.leg.br/imagens/vereadores-2009.2012/ad140.jpg\" alt=\"AD140.jpg\" class=\"image-inline\" title=\"AD140.jpg\" /></div>\r\n<div class=\"visualClear\" style=\"text-align: center; \"><strong>Adc\u00e1rliton \"Irm\u00e3o AD\"</strong></div>\r\n</td>\r\n<td style=\"text-align: center; \">\r\n<p>\u00a0</p>\r\n</td>\r\n<td style=\"text-align: center; \">\r\n<p>\u00a0</p>\r\n</td>\r\n<td style=\"text-align: center; \">\r\n<p>\u00a0</p>\r\n</td>\r\n<td></td>\r\n</tr>\r\n</tbody>\r\n</table>\r\n<div class=\"visualClear\"><strong><strong><br /></strong></strong></div>\r\n<h3 style=\"text-align: center; \"><strong><strong>16\u00aa Legislatura (01/01/2009 a 31/12/2012)</strong><br /></strong></h3>\r\n<table class=\"plain\">\r\n<tbody>\r\n<tr><th style=\"text-align: center; \">\r\n<div class=\"visualClear\"><img src=\"https://www.guadalupe.pi.leg.br/imagens/vereadores-2009.2012/ad140.jpg\" alt=\"AD140.jpg\" class=\"image-inline\" title=\"AD140.jpg\" /></div>\r\n<div class=\"visualClear\">Adc\u00e1rliton Rodrigues</div>\r\n</th><th>\r\n<div class=\"visualClear\"><img src=\"https://www.guadalupe.pi.leg.br/imagens/vereadores-2009.2012/amadeu-jr140.jpg\" alt=\"Amadeu Jr140.jpg\" class=\"image-inline\" title=\"Amadeu Jr140.jpg\" /></div>\r\n<p>Amadeu J\u00fanior</p>\r\n</th><th style=\"text-align: center; \">\r\n<div class=\"visualClear\"><img src=\"https://www.guadalupe.pi.leg.br/imagens/vereadores-2009.2012/ana-lucia140.jpg\" alt=\"Ana L\u00facia140.jpg\" class=\"image-inline\" title=\"Ana L\u00facia140.jpg\" /></div>\r\n<p>Dr\u00aa. Ana L\u00facia</p>\r\n</th><th>\r\n<div class=\"visualClear\"><img src=\"https://www.guadalupe.pi.leg.br/imagens/vereadores-2009.2012/edivan140.jpg\" alt=\"Edivan140.jpg\" class=\"image-inline\" title=\"Edivan140.jpg\" /></div>\r\n<p style=\"text-align: center; \">Edivan Miranda</p>\r\n</th><th>\r\n<div class=\"visualClear\"><img src=\"https://www.guadalupe.pi.leg.br/imagens/vereadores-2009.2012/jesse-james140.jpg\" alt=\"Jesse James140.jpg\" class=\"image-inline\" title=\"Jesse James140.jpg\" /></div>\r\n<p style=\"text-align: center; \">Jesse James</p>\r\n</th></tr>\r\n<tr><th>\r\n<div class=\"visualClear\"><img src=\"https://www.guadalupe.pi.leg.br/imagens/vereadores-2009.2012/joao-ricardo140.jpg\" alt=\"Jo\u00e3o Ricardo140.jpg\" class=\"image-inline\" title=\"Jo\u00e3o Ricardo140.jpg\" /></div>\r\n<p style=\"text-align: center; \">Jo\u00e3o Ricardo</p>\r\n</th><th>\r\n<div class=\"visualClear\" style=\"text-align: center; \"><img src=\"https://www.guadalupe.pi.leg.br/imagens/vereadores-2009.2012/pierre140.jpg\" alt=\"Pierre140.jpg\" class=\"image-inline\" title=\"Pierre140.jpg\" /></div>\r\n<div class=\"visualClear\" style=\"text-align: center; \"><strong>Pedro Mariano</strong></div>\r\n<div class=\"visualClear\" style=\"text-align: center; \"><strong>\"Pierre\"</strong></div>\r\n</th><th style=\"text-align: center; \">\r\n<div class=\"visualClear\"><img src=\"https://www.guadalupe.pi.leg.br/imagens/vereadores-2009.2012/surama140.jpg\" alt=\"Surama140.jpg\" class=\"image-inline\" title=\"Surama140.jpg\" /></div>\r\n<p>Surama Martins</p>\r\n</th><th style=\"text-align: center; \">\r\n<div class=\"visualClear\"><img src=\"https://www.guadalupe.pi.leg.br/imagens/vereadores-2009.2012/ze-mota140.jpg\" alt=\"Z\u00e9 Mota140.jpg\" class=\"image-inline\" title=\"Z\u00e9 Mota140.jpg\" /></div>\r\n<p>Z\u00e9 Mota</p>\r\n</th><th></th></tr>\r\n</tbody>\r\n</table>\r\n<div class=\"visualClear\"><strong><br /></strong></div>\r\n<div class=\"visualClear\">\r\n<div class=\"visualClear\" style=\"text-align: center; \"><strong><strong><br /></strong></strong></div>\r\n<h3 style=\"text-align: center; \"><strong><strong>15\u00aa Legislatura (01/01/2005 a 31/12/2008)</strong></strong></h3>\r\n</div>\r\n<table class=\"plain\">\r\n<tbody>\r\n<tr><th style=\"text-align: center; \">\r\n<div class=\"visualClear\"><img src=\"https://www.guadalupe.pi.leg.br/imagens/vereadores-2005.2008/alderico140.jpg\" alt=\"Alderico140.jpg\" class=\"image-inline\" title=\"Alderico140.jpg\" /></div>\r\n<div class=\"visualClear\">Alderico Mousinho</div>\r\n</th><th style=\"text-align: center; \">\r\n<div class=\"visualClear\"><img src=\"https://www.guadalupe.pi.leg.br/imagens/vereadores-2005.2008/amadeu-jr140.jpg\" alt=\"Amadeu Jr140.jpg\" class=\"image-inline\" title=\"Amadeu Jr140.jpg\" /></div>\r\n<div class=\"visualClear\" style=\"text-align: center; \">Amadeu J\u00fanior</div>\r\n</th><th style=\"text-align: center; \">\r\n<div class=\"visualClear\"><img src=\"https://www.guadalupe.pi.leg.br/imagens/vereadores-2005.2008/carlos-da-diva140.jpg\" alt=\"Carlos da Diva140.jpg\" class=\"image-inline\" title=\"Carlos da Diva140.jpg\" /></div>\r\n<p>Carlos da Diva</p>\r\n</th><th style=\"text-align: center; \">\r\n<div class=\"visualClear\"><img src=\"https://www.guadalupe.pi.leg.br/imagens/vereadores-2005.2008/edivan140.jpg\" alt=\"Edivan140.jpg\" class=\"image-inline\" title=\"Edivan140.jpg\" /></div>\r\n<div class=\"visualClear\">Edivan Miranda</div>\r\n</th><th style=\"text-align: center; \">\r\n<div class=\"visualClear\"><img src=\"https://www.guadalupe.pi.leg.br/imagens/vereadores-2005.2008/francineth-140.jpg\" alt=\"Francineth 140.jpg\" class=\"image-inline\" title=\"Francineth 140.jpg\" /></div>\r\n<p>Francineth Lima</p>\r\n</th></tr>\r\n<tr><th>\r\n<div class=\"visualClear\"><img src=\"https://www.guadalupe.pi.leg.br/imagens/vereadores-2005.2008/aparecida140.jpg\" alt=\"Aparecida140.jpg\" class=\"image-inline\" title=\"Aparecida140.jpg\" /></div>\r\n<p style=\"text-align: center; \">Maria Aparecida</p>\r\n</th>\r\n<td style=\"text-align: center; \">\r\n<div class=\"visualClear\"><img src=\"https://www.guadalupe.pi.leg.br/imagens/vereadores-2005.2008/pierre140.jpg\" alt=\"Pierre140.jpg\" class=\"image-inline\" title=\"Pierre140.jpg\" /></div>\r\n<div class=\"visualClear\"><strong>Pedro Mariano</strong></div>\r\n<div class=\"visualClear\"><strong>\"Pierre\"</strong></div>\r\n</td>\r\n<td style=\"text-align: center; \">\r\n<div class=\"visualClear\"><img src=\"https://www.guadalupe.pi.leg.br/imagens/vereadores-2005.2008/surama140.jpg\" alt=\"Surama140.jpg\" class=\"image-inline\" title=\"Surama140.jpg\" /></div>\r\n<p><strong>Surama Martins</strong></p>\r\n</td>\r\n<td style=\"text-align: center; \">\r\n<div class=\"visualClear\"><img src=\"https://www.guadalupe.pi.leg.br/imagens/vereadores-2005.2008/wallem140.jpg\" alt=\"Wallem140.jpg\" class=\"image-inline\" title=\"Wallem140.jpg\" /></div>\r\n<div class=\"visualClear\"><strong>Wallem Mousinho</strong></div>\r\n</td>\r\n<td></td>\r\n</tr>\r\n<tr><th>\r\n<div class=\"visualClear\" style=\"text-align: center; \"><img src=\"https://www.guadalupe.pi.leg.br/imagens/vereadores-2005.2008/carlos-vital140.jpg\" alt=\"Carlos Vital140.jpg\" class=\"image-inline\" title=\"Carlos Vital140.jpg\" /></div>\r\n<p style=\"text-align: center; \">Carlos Vital</p>\r\n</th>\r\n<td style=\"text-align: center; \">\r\n<div class=\"visualClear\"><strong><img src=\"https://www.guadalupe.pi.leg.br/imagens/vereadores-2005.2008/cerqueira140.jpg\" alt=\"Cerqueira140.jpg\" class=\"image-inline\" title=\"Cerqueira140.jpg\" /></strong></div>\r\n<div class=\"visualClear\"><strong>Raimundo Cerqueira<br /></strong></div>\r\n</td>\r\n<td style=\"text-align: center; \">\r\n<p>\u00a0</p>\r\n</td>\r\n<td style=\"text-align: center; \">\r\n<div class=\"visualClear\"></div>\r\n</td>\r\n<td></td>\r\n</tr>\r\n</tbody>\r\n</table>\r\n<div class=\"visualClear\"><strong><br /></strong></div>\r\n<div class=\"visualClear\">\r\n<h3 style=\"text-align: center; \"><strong><strong>14\u00aa Legislatura (01/01/2001 a 31/12/2004)</strong></strong></h3>\r\n</div>\r\n<table class=\"plain\">\r\n<tbody>\r\n<tr><th>\r\n<div class=\"visualClear\" style=\"text-align: center; \"><img src=\"https://www.guadalupe.pi.leg.br/imagens/vereadores-2001.2004/alderico140-1.jpg\" alt=\"Alderico140.1.jpg\" class=\"image-inline\" title=\"Alderico140.1.jpg\" /></div>\r\n<div class=\"visualClear\" style=\"text-align: center; \">Alderico Mousinho</div>\r\n</th><th style=\"text-align: center; \">\r\n<div class=\"visualClear\"><img src=\"https://www.guadalupe.pi.leg.br/imagens/vereadores-2001.2004/carlos-da-diva140-1.jpg\" alt=\"Carlos da Diva140.1.jpg\" class=\"image-inline\" title=\"Carlos da Diva140.1.jpg\" /></div>\r\n<div class=\"visualClear\">Carlos da Diva</div>\r\n</th><th>\r\n<div class=\"visualClear\"><img src=\"https://www.guadalupe.pi.leg.br/imagens/vereadores-2001.2004/domingos140.jpg\" alt=\"Domingos140.jpg\" class=\"image-inline\" title=\"Domingos140.jpg\" /></div>\r\n<div class=\"visualClear\" style=\"text-align: center; \">Domingos Martins</div>\r\n</th><th style=\"text-align: center; \">\r\n<div class=\"visualClear\"><img src=\"https://www.guadalupe.pi.leg.br/imagens/vereadores-2001.2004/edivan140.jpg\" alt=\"Edivan140.jpg\" class=\"image-inline\" title=\"Edivan140.jpg\" /></div>\r\n<div class=\"visualClear\">Edivan Miranda</div>\r\n</th><th>\r\n<div class=\"visualClear\"><img src=\"https://www.guadalupe.pi.leg.br/imagens/vereadores-2001.2004/francineth140.jpg\" alt=\"Francineth140.jpg\" class=\"image-inline\" title=\"Francineth140.jpg\" /></div>\r\n<div class=\"visualClear\" style=\"text-align: center; \">Francineth Lima</div>\r\n</th></tr>\r\n<tr>\r\n<td>\r\n<div class=\"visualClear\" style=\"text-align: center; \"><img src=\"https://www.guadalupe.pi.leg.br/imagens/vereadores-2001.2004/foquito140.jpg\" alt=\"Foquito140.jpg\" class=\"image-inline\" title=\"Foquito140.jpg\" /></div>\r\n<div class=\"visualClear\" style=\"text-align: center; \"><strong>Gilberto \"Foquito\"</strong></div>\r\n</td>\r\n<td style=\"text-align: center; \">\r\n<div class=\"visualClear\"><img src=\"https://www.guadalupe.pi.leg.br/imagens/vereadores-2001.2004/batista140.jpg\" alt=\"Batista140.jpg\" class=\"image-inline\" title=\"Batista140.jpg\" /></div>\r\n<div class=\"visualClear\"><strong>Jo\u00e3o Batista</strong></div>\r\n</td>\r\n<td style=\"text-align: center; \">\r\n<div class=\"visualClear\"><img src=\"https://www.guadalupe.pi.leg.br/imagens/vereadores-2001.2004/ze-mota140.jpg\" alt=\"Z\u00e9 Mota140.jpg\" class=\"image-inline\" title=\"Z\u00e9 Mota140.jpg\" /></div>\r\n<div class=\"visualClear\"><strong>Z\u00e9 Mota</strong></div>\r\n</td>\r\n<td>\r\n<div class=\"visualClear\"><img src=\"https://www.guadalupe.pi.leg.br/imagens/vereadores-2001.2004/wallem140-1.jpg\" alt=\"Wallem140.1.jpg\" class=\"image-inline\" title=\"Wallem140.1.jpg\" /></div>\r\n<div class=\"visualClear\" style=\"text-align: center; \"><strong>Wallem Mourinho</strong></div>\r\n</td>\r\n<td></td>\r\n</tr>\r\n<tr>\r\n<td>\r\n<div class=\"visualClear\" style=\"text-align: center; \"><strong><img src=\"https://www.guadalupe.pi.leg.br/imagens/vereadores-2001.2004/elizio-mousinho-neto.jpg\" alt=\"Elizio Mousinho Neto.jpg\" class=\"image-inline\" title=\"Elizio Mousinho Neto.jpg\" /></strong></div>\r\n<div class=\"visualClear\" style=\"text-align: center; \"><strong>Elizio Mousinho<br /></strong></div>\r\n</td>\r\n<td style=\"text-align: center; \">\r\n<div class=\"visualClear\"><strong><img src=\"https://www.guadalupe.pi.leg.br/imagens/vereadores-2001.2004/mauricio140.jpg\" alt=\"Mauricio140.jpg\" class=\"image-inline\" title=\"Mauricio140.jpg\" /></strong></div>\r\n<div class=\"visualClear\"><strong>Mauricio Ara\u00fajo<br /></strong></div>\r\n</td>\r\n<td style=\"text-align: center; \">\r\n<div class=\"visualClear\"></div>\r\n</td>\r\n<td>\r\n<div class=\"visualClear\"></div>\r\n</td>\r\n<td></td>\r\n</tr>\r\n</tbody>\r\n</table>\r\n<div class=\"visualClear\"><strong><br /></strong></div>\r\n<div class=\"visualClear\">\r\n<h3 style=\"text-align: center; \"><strong><strong>13\u00aa Legislatura (01/01/1997 a 31/12/2000)</strong></strong></h3>\r\n</div>\r\n<table class=\"plain\">\r\n<tbody>\r\n<tr><th>\r\n<div class=\"visualClear\" style=\"text-align: center; \"><img src=\"https://www.guadalupe.pi.leg.br/imagens/vereadores-1997-2000/abelavelino\" alt=\"AbelAvelino\" class=\"image-inline\" title=\"AbelAvelino\" /></div>\r\n<div class=\"visualClear\" style=\"text-align: center; \">Abel Avelino</div>\r\n</th><th>\r\n<div class=\"visualClear\" style=\"text-align: center; \"><img src=\"https://www.guadalupe.pi.leg.br/imagens/vereadores-1997-2000/alderico140.jpg\" alt=\"Alderico140.jpg\" class=\"image-inline\" title=\"Alderico140.jpg\" /></div>\r\n<div class=\"visualClear\" style=\"text-align: center; \">Alderico Mousinho</div>\r\n</th><th>\r\n<div class=\"visualClear\" style=\"text-align: center; \"><img src=\"https://www.guadalupe.pi.leg.br/imagens/vereadores-1997-2000/carlos-da-diva140.jpg\" alt=\"Carlos da Diva140.jpg\" class=\"image-inline\" title=\"Carlos da Diva140.jpg\" /></div>\r\n<div class=\"visualClear\" style=\"text-align: center; \">Carlos da Diva</div>\r\n</th><th>\r\n<div class=\"visualClear\" style=\"text-align: center; \"><img src=\"https://www.guadalupe.pi.leg.br/imagens/vereadores-1997-2000/batista140.jpg\" alt=\"Batista140.jpg\" class=\"image-inline\" title=\"Batista140.jpg\" /></div>\r\n<div class=\"visualClear\" style=\"text-align: center; \">Jo\u00e3o Batista</div>\r\n</th><th>\r\n<div class=\"visualClear\"><img src=\"https://www.guadalupe.pi.leg.br/imagens/vereadores-1997-2000/josebenedito\" alt=\"JoseBenedito\" class=\"image-inline\" title=\"JoseBenedito\" /></div>\r\n<div class=\"visualClear\" style=\"text-align: center; \">Jos\u00e9 Benedito</div>\r\n</th></tr>\r\n<tr>\r\n<td>\r\n<div class=\"visualClear\" style=\"text-align: center; \"><img src=\"https://www.guadalupe.pi.leg.br/imagens/vereadores-1997-2000/ze-mota140.jpg\" alt=\"Z\u00e9 Mota140.jpg\" class=\"image-inline\" title=\"Z\u00e9 Mota140.jpg\" /></div>\r\n<div class=\"visualClear\" style=\"text-align: center; \"><strong>Jos\u00e9 Mota \"Z\u00e9 Mota\"</strong></div>\r\n</td>\r\n<td>\r\n<div class=\"visualClear\" style=\"text-align: center; \"><img src=\"https://www.guadalupe.pi.leg.br/imagens/vereadores-1997-2000/mauricio140.jpg\" alt=\"Mauricio140.jpg\" class=\"image-inline\" title=\"Mauricio140.jpg\" /></div>\r\n<div class=\"visualClear\"><strong>Maur\u00edcio Ara\u00fajo</strong></div>\r\n</td>\r\n<td>\r\n<div class=\"visualClear\"><img src=\"https://www.guadalupe.pi.leg.br/imagens/vereadores-1997-2000/severinolima\" alt=\"SeverinoLima\" class=\"image-inline\" title=\"SeverinoLima\" /></div>\r\n<div class=\"visualClear\"><strong>Severino Lima</strong></div>\r\n</td>\r\n<td>\r\n<div class=\"visualClear\" style=\"text-align: center; \"><img src=\"https://www.guadalupe.pi.leg.br/imagens/vereadores-1997-2000/wallem140.jpg\" alt=\"Wallem140.jpg\" class=\"image-inline\" title=\"Wallem140.jpg\" /></div>\r\n<div class=\"visualClear\" style=\"text-align: center; \"><strong>Wallem Mousinho</strong></div>\r\n</td>\r\n<td></td>\r\n</tr>\r\n<tr>\r\n<td>\r\n<div class=\"visualClear\" style=\"text-align: center; \"><img src=\"https://www.guadalupe.pi.leg.br/imagens/vereadores-1997-2000/ceciaraujo.jpg\" alt=\"CeciAra\u00fajo.jpg\" class=\"image-inline\" title=\"CeciAra\u00fajo.jpg\" /></div>\r\n<div class=\"visualClear\" style=\"text-align: center; \"><strong>Ceci Ara\u00fajo</strong></div>\r\n</td>\r\n<td>\r\n<div class=\"visualClear\"><strong><img src=\"https://www.guadalupe.pi.leg.br/imagens/vereadores-1997-2000/lourencoirmaolouro.jpg\" alt=\"Louren\u00e7oIrm\u00e3oLouro.jpg\" class=\"image-inline\" title=\"Louren\u00e7oIrm\u00e3oLouro.jpg\" /></strong></div>\r\n<div class=\"visualClear\" style=\"text-align: center; \"><strong>Louren\u00e7o Joaquim</strong></div>\r\n<div class=\"visualClear\" style=\"text-align: center; \"><strong> \"Irm\u00e3o Louro\"</strong></div>\r\n</td>\r\n<td></td>\r\n<td></td>\r\n<td></td>\r\n</tr>\r\n</tbody>\r\n</table>\r\n<div class=\"visualClear\"><strong><br /></strong></div>\r\n<div class=\"visualClear\">\r\n<h3 style=\"text-align: center; \"><strong><strong>12\u00aa Legislatura (01/01/1993 a 31/12/1996)</strong></strong></h3>\r\n</div>\r\n<table class=\"plain\">\r\n<tbody>\r\n<tr><th>\r\n<div class=\"visualClear\" style=\"text-align: center; \"><img src=\"https://www.guadalupe.pi.leg.br/imagens/vereadores-1993-1996/alderico140.jpg\" alt=\"Alderico140.jpg\" class=\"image-inline\" title=\"Alderico140.jpg\" /></div>\r\n<div class=\"visualClear\" style=\"text-align: center; \">Alderico Mousinho</div>\r\n</th><th style=\"text-align: center; \">\r\n<div class=\"visualClear\"><img src=\"https://www.guadalupe.pi.leg.br/imagens/vereadores-1993-1996/carlos-da-diva140.jpg\" alt=\"Carlos da Diva140.jpg\" class=\"image-inline\" title=\"Carlos da Diva140.jpg\" /></div>\r\n<div class=\"visualClear\">Carlos da Diva</div>\r\n</th><th style=\"text-align: center; \">\r\n<div class=\"visualClear\"><img src=\"https://www.guadalupe.pi.leg.br/imagens/vereadores-1993-1996/edson-goncalves\" alt=\"Edson Gon\u00e7alves\" class=\"image-inline\" title=\"Edson Gon\u00e7alves\" /></div>\r\n<div class=\"visualClear\">Edson Gon\u00e7alves</div>\r\n</th><th style=\"text-align: center; \">\r\n<div class=\"visualClear\"><img src=\"https://www.guadalupe.pi.leg.br/imagens/vereadores-1993-1996/elisioneto140.jpg\" alt=\"ElisioNeto140.jpg\" class=\"image-inline\" title=\"ElisioNeto140.jpg\" /></div>\r\n<div class=\"visualClear\">El\u00edsio Mousinho</div>\r\n</th><th style=\"text-align: center; \">\r\n<div class=\"visualClear\"><img src=\"https://www.guadalupe.pi.leg.br/imagens/vereadores-1993-1996/joaobatista140.jpg\" alt=\"Jo\u00e3oBatista140.jpg\" class=\"image-inline\" title=\"Jo\u00e3oBatista140.jpg\" /></div>\r\n<div class=\"visualClear\">Jo\u00e3o Batista</div>\r\n</th></tr>\r\n<tr>\r\n<td style=\"text-align: center; \">\r\n<div class=\"visualClear\"><strong><img src=\"https://www.guadalupe.pi.leg.br/imagens/vereadores-1993-1996/irmaolouro140.jpg\" alt=\"IrmaoLouro140.jpg\" class=\"image-inline\" title=\"IrmaoLouro140.jpg\" /></strong></div>\r\n<div class=\"visualClear\"><strong>Irm\u00e3o Louro<br /></strong></div>\r\n</td>\r\n<td style=\"text-align: center; \">\r\n<div class=\"visualClear\"><strong><img src=\"https://www.guadalupe.pi.leg.br/imagens/vereadores-1993-1996/fatimarabelo140.jpeg\" alt=\"FatimaRabelo140.jpeg\" class=\"image-inline\" title=\"FatimaRabelo140.jpeg\" /></strong></div>\r\n<div class=\"visualClear\"><strong>Dra. F\u00e1tima<br /></strong></div>\r\n</td>\r\n<td style=\"text-align: center; \">\r\n<div class=\"visualClear\"><img src=\"https://www.guadalupe.pi.leg.br/imagens/vereadores-1993-1996/martamilena140.jpg\" alt=\"MartaMilena140.jpg\" class=\"image-inline\" title=\"MartaMilena140.jpg\" /></div>\r\n<div class=\"visualClear\"><strong>Marta Mota</strong></div>\r\n</td>\r\n<td style=\"text-align: center; \">\r\n<div class=\"visualClear\"><strong><img src=\"https://www.guadalupe.pi.leg.br/imagens/vereadores-1993-1996/mauricio140.jpg\" alt=\"Mauricio140.jpg\" class=\"image-inline\" title=\"Mauricio140.jpg\" /></strong></div>\r\n<div class=\"visualClear\"><strong>Maur\u00edcio Ara\u00fajo<br /></strong></div>\r\n</td>\r\n<td></td>\r\n</tr>\r\n<tr>\r\n<td style=\"text-align: center; \">\r\n<div class=\"visualClear\"><img src=\"https://www.guadalupe.pi.leg.br/imagens/vereadores-1993-1996/pedrobasilio140.jpeg\" alt=\"PedroBasilio140.jpeg\" class=\"image-inline\" title=\"PedroBasilio140.jpeg\" /></div>\r\n<div class=\"visualClear\"><strong>Pedro Bas\u00edlio<br /></strong></div>\r\n</td>\r\n<td></td>\r\n<td></td>\r\n<td></td>\r\n<td></td>\r\n</tr>\r\n</tbody>\r\n</table>\r\n<div class=\"visualClear\"><strong><br /></strong></div>\r\n<div class=\"visualClear\">\r\n<h3 style=\"text-align: center; \"><strong><strong>11\u00aa Legislatura (01/01/1989 a 31/12/1992)</strong></strong></h3>\r\n</div>\r\n<table class=\"plain\">\r\n<tbody>\r\n<tr><th style=\"text-align: center; \">\r\n<div class=\"visualClear\"><img src=\"https://www.guadalupe.pi.leg.br/imagens/vereadores-1989-1992/amadeu-pereira140.jpg\" alt=\"Amadeu Pereira140.jpg\" class=\"image-inline\" title=\"Amadeu Pereira140.jpg\" /></div>\r\n<div class=\"visualClear\">Amadeu Pereira</div>\r\n</th><th style=\"text-align: center; \">\r\n<div class=\"visualClear\"><img src=\"https://www.guadalupe.pi.leg.br/imagens/vereadores-1989-1992/domingosmartins140.jpg\" alt=\"DomingosMartins140.jpg\" class=\"image-inline\" title=\"DomingosMartins140.jpg\" /></div>\r\n<div class=\"visualClear\">Domingos Martins</div>\r\n</th><th style=\"text-align: center; \">\r\n<div class=\"visualClear\"><img src=\"https://www.guadalupe.pi.leg.br/imagens/vereadores-1989-1992/elisio-mousinho-filho.jpg\" alt=\"Elisio Mousinho Filho.jpg\" class=\"image-inline\" title=\"Elisio Mousinho Filho.jpg\" /></div>\r\n<div class=\"visualClear\">Elizio Mousinho Filho</div>\r\n</th><th>\r\n<div class=\"visualClear\"><img src=\"https://www.guadalupe.pi.leg.br/imagens/vereadores-1989-1992/franciscopatricio140.jpg\" alt=\"FranciscoPatricio140.jpg\" class=\"image-inline\" title=\"FranciscoPatricio140.jpg\" /></div>\r\n<div class=\"visualClear\" style=\"text-align: center; \">Francisco \"Xico Patr\u00edcio\"</div>\r\n</th><th>\r\n<div class=\"visualClear\"><img src=\"https://www.guadalupe.pi.leg.br/imagens/vereadores-1989-1992/georgianofernandeslima1401.jpeg\" alt=\"GeorgianoFernandesLima1401.jpeg\" class=\"image-inline\" title=\"GeorgianoFernandesLima1401.jpeg\" /></div>\r\n<div class=\"visualClear\">Georgiano Lima</div>\r\n</th></tr>\r\n<tr>\r\n<td style=\"text-align: center; \">\r\n<div class=\"visualClear\"><img src=\"https://www.guadalupe.pi.leg.br/imagens/vereadores-1989-1992/idalia140.jpg\" alt=\"Idalia140.jpg\" class=\"image-inline\" title=\"Idalia140.jpg\" /></div>\r\n<div class=\"visualClear\"><strong>Id\u00e1lia Ara\u00fajo</strong></div>\r\n</td>\r\n<td style=\"text-align: center; \">\r\n<div class=\"visualClear\"><strong><img src=\"https://www.guadalupe.pi.leg.br/imagens/vereadores-1989-1992/zebene140.jpeg\" alt=\"ZeBene140.jpeg\" class=\"image-inline\" title=\"ZeBene140.jpeg\" /></strong></div>\r\n<div class=\"visualClear\"><strong>Jos\u00e9 Benedito<br /></strong></div>\r\n</td>\r\n<td style=\"text-align: center; \">\r\n<div class=\"visualClear\"><img src=\"https://www.guadalupe.pi.leg.br/imagens/vereadores-1989-1992/ze-mota140.jpg\" alt=\"Z\u00e9 Mota140.jpg\" class=\"image-inline\" title=\"Z\u00e9 Mota140.jpg\" /></div>\r\n<p><strong>Jos\u00e9 Mota<br /></strong></p>\r\n</td>\r\n<td style=\"text-align: center; \">\r\n<div class=\"visualClear\"><strong><img src=\"https://www.guadalupe.pi.leg.br/imagens/vereadores-1989-1992/mauricio140.jpg\" alt=\"Mauricio140.jpg\" class=\"image-inline\" title=\"Mauricio140.jpg\" /></strong></div>\r\n<div class=\"visualClear\"><strong>Maur\u00edcio Ara\u00fajo<br /></strong></div>\r\n</td>\r\n<td></td>\r\n</tr>\r\n<tr>\r\n<td style=\"text-align: center; \">\r\n<div class=\"visualClear\"><strong><img src=\"https://www.guadalupe.pi.leg.br/imagens/vereadores-1989-1992/josemoreiracavalcante140.jpeg\" alt=\"Jos\u00e9MoreiraCavalcante140.jpeg\" class=\"image-inline\" title=\"Jos\u00e9MoreiraCavalcante140.jpeg\" /></strong></div>\r\n<div class=\"visualClear\"><strong>Jos\u00e9 Cavalcante<br /></strong></div>\r\n</td>\r\n<td style=\"text-align: center; \">\r\n<div class=\"visualClear\"><strong><img src=\"https://www.guadalupe.pi.leg.br/imagens/vereadores-1989-1992/francisco-vieira-viana.jpg\" alt=\"Francisco Vieira Viana.jpg\" class=\"image-inline\" title=\"Francisco Vieira Viana.jpg\" /></strong></div>\r\n<div class=\"visualClear\"><strong>Francisco Viana<br /></strong></div>\r\n</td>\r\n<td></td>\r\n<td></td>\r\n<td></td>\r\n</tr>\r\n</tbody>\r\n</table>\r\n<div class=\"visualClear\">\r\n<div class=\"visualClear\"><strong><br /></strong></div>\r\n<div class=\"visualClear\">\r\n<h3 style=\"text-align: center; \"><strong><strong>10\u00aa Legislatura (01/02/1983 a 31/12/1988)</strong></strong></h3>\r\n</div>\r\n<table class=\"plain\">\r\n<tbody>\r\n<tr><th style=\"text-align: center; \">\r\n<div class=\"visualClear\"><img src=\"https://www.guadalupe.pi.leg.br/imagens/vereadores-1983-1988/francisco-king140.jpg\" alt=\"Francisco King140.jpg\" class=\"image-inline\" title=\"Francisco King140.jpg\" /></div>\r\n<div class=\"visualClear\">Francisco Antonio</div>\r\n</th><th style=\"text-align: center; \">\r\n<div class=\"visualClear\"><img src=\"https://www.guadalupe.pi.leg.br/imagens/vereadores-1983-1988/francisco-bezerra-gomes.jpg\" alt=\"Francisco Bezerra Gomes.jpg\" class=\"image-inline\" title=\"Francisco Bezerra Gomes.jpg\" /></div>\r\n<div class=\"visualClear\">Francisco Bezerra</div>\r\n</th><th style=\"text-align: center; \">\r\n<div class=\"visualClear\"><img src=\"https://www.guadalupe.pi.leg.br/imagens/vereadores-1983-1988/georgianofernandeslima1401.jpeg\" alt=\"GeorgianoFernandesLima1401.jpeg\" class=\"image-inline\" title=\"GeorgianoFernandesLima1401.jpeg\" /></div>\r\n<div class=\"visualClear\">Georgiano Lima</div>\r\n</th><th>\r\n<div class=\"visualClear\"><img src=\"https://www.guadalupe.pi.leg.br/imagens/vereadores-1983-1988/joaoferreiradossantos140.jpeg\" alt=\"Jo\u00e3oFerreiradosSantos140.jpeg\" class=\"image-inline\" title=\"Jo\u00e3oFerreiradosSantos140.jpeg\" /></div>\r\n<div class=\"visualClear\" style=\"text-align: center; \">Jo\u00e3o Ferreira</div>\r\n</th><th style=\"text-align: center; \">\r\n<div class=\"visualClear\"><img src=\"https://www.guadalupe.pi.leg.br/imagens/vereadores-1983-1988/joseedmundo140.jpg\" alt=\"JoseEdmundo140.jpg\" class=\"image-inline\" title=\"JoseEdmundo140.jpg\" /></div>\r\n<div class=\"visualClear\">Jos\u00e9 Edmundo</div>\r\n</th></tr>\r\n<tr>\r\n<td style=\"text-align: center; \">\r\n<div class=\"visualClear\"><img src=\"https://www.guadalupe.pi.leg.br/imagens/vereadores-1983-1988/josemota140.jpg\" alt=\"Jos\u00e9Mota140.jpg\" class=\"image-inline\" title=\"Jos\u00e9Mota140.jpg\" /></div>\r\n<div class=\"visualClear\"><strong>Jos\u00e9 Mota</strong></div>\r\n</td>\r\n<td style=\"text-align: center; \">\r\n<div class=\"visualClear\"><strong><img src=\"https://www.guadalupe.pi.leg.br/imagens/vereadores-1983-1988/josemoreiracavalcante140.jpeg\" alt=\"JoseMoreiraCavalcante140.jpeg\" class=\"image-inline\" title=\"JoseMoreiraCavalcante140.jpeg\" /></strong></div>\r\n<div class=\"visualClear\"><strong>Jos\u00e9 Cavalcante<br /></strong></div>\r\n</td>\r\n<td></td>\r\n<td></td>\r\n<td></td>\r\n</tr>\r\n<tr>\r\n<td style=\"text-align: center; \">\r\n<div class=\"visualClear\"><img src=\"https://www.guadalupe.pi.leg.br/imagens/vereadores-1983-1988/jorgefranciscomessias140.jpeg\" alt=\"JorgeFranciscoMessias140.jpeg\" class=\"image-inline\" title=\"JorgeFranciscoMessias140.jpeg\" /></div>\r\n<div class=\"visualClear\"><strong>Jorge Messias</strong></div>\r\n</td>\r\n<td style=\"text-align: center; \">\r\n<div class=\"visualClear\"><strong><img src=\"https://www.guadalupe.pi.leg.br/imagens/vereadores-1983-1988/jose-carlos-monteiro.jpg\" alt=\"Jos\u00e9 Carlos Monteiro.jpg\" class=\"image-inline\" title=\"Jos\u00e9 Carlos Monteiro.jpg\" /></strong></div>\r\n<div class=\"visualClear\"><strong>Jos\u00e9 Carlos Monteiro<br /></strong></div>\r\n</td>\r\n<td></td>\r\n<td></td>\r\n<td></td>\r\n</tr>\r\n</tbody>\r\n</table>\r\n</div>\r\n<div class=\"visualClear\">\r\n<div class=\"visualClear\"><strong><br /></strong></div>\r\n<div class=\"visualClear\">\r\n<h3 style=\"text-align: center; \"><strong><strong>9\u00aa Legislatura (01/02/1977 a 31/01/1983)</strong></strong></h3>\r\n<table class=\"plain\">\r\n<tbody>\r\n<tr><th style=\"text-align: center; \">\r\n<div class=\"visualClear\"><img src=\"https://www.guadalupe.pi.leg.br/imagens/vereadores-1977-1983/everton-rodrigues-dos-santos140.jpg\" alt=\"Everton Rodrigues dos Santos140.jpg\" class=\"image-inline\" title=\"Everton Rodrigues dos Santos140.jpg\" /></div>\r\n<div class=\"visualClear\">Everton Rodrigues</div>\r\n</th><th style=\"text-align: center; \">\r\n<div class=\"visualClear\"><img src=\"https://www.guadalupe.pi.leg.br/imagens/vereadores-1977-1983/georgiano-fernandes-lima.jpg\" alt=\"Georgiano Fernandes Lima.jpg\" class=\"image-inline\" title=\"Georgiano Fernandes Lima.jpg\" /></div>\r\n<div class=\"visualClear\">Georgiano Lima</div>\r\n</th><th>\r\n<div class=\"visualClear\" style=\"text-align: center; \"><img src=\"https://www.guadalupe.pi.leg.br/imagens/vereadores-1977-1983/joao-cardoso-de-alencar140.jpg\" alt=\"Jo\u00e3o Cardoso de Alencar140.jpg\" class=\"image-inline\" title=\"Jo\u00e3o Cardoso de Alencar140.jpg\" /></div>\r\n<div class=\"visualClear\" style=\"text-align: center; \">Jo\u00e3o Alencar</div>\r\n</th><th style=\"text-align: center; \">\r\n<div class=\"visualClear\"><img src=\"https://www.guadalupe.pi.leg.br/imagens/vereadores-1977-1983/jose-do-egito-coelho-sobrinho.jpg\" alt=\"Jos\u00e9 do Egito Co\u00ealho Sobrinho.jpg\" class=\"image-inline\" title=\"Jos\u00e9 do Egito Co\u00ealho Sobrinho.jpg\" /></div>\r\n<div class=\"visualClear\">Jos\u00e9 do Egito</div>\r\n</th><th style=\"text-align: center; \">\r\n<div class=\"visualClear\"><img src=\"https://www.guadalupe.pi.leg.br/imagens/vereadores-1977-1983/jose-edmundo-coelho-pereira.jpg\" alt=\"Jos\u00e9 Edmundo Co\u00ealho Pereira.jpg\" class=\"image-inline\" title=\"Jos\u00e9 Edmundo Co\u00ealho Pereira.jpg\" /></div>\r\n<div class=\"visualClear\">Jos\u00e9 Edmundo</div>\r\n</th></tr>\r\n<tr>\r\n<td style=\"text-align: center; \">\r\n<div class=\"visualClear\"><img src=\"https://www.guadalupe.pi.leg.br/imagens/vereadores-1977-1983/jose-moreira-cavalcante.jpg\" alt=\"Jos\u00e9 Moreira Cavalcante.jpg\" class=\"image-inline\" title=\"Jos\u00e9 Moreira Cavalcante.jpg\" /></div>\r\n<div class=\"visualClear\"><strong>Jos\u00e9 Cavalcante</strong></div>\r\n</td>\r\n<td style=\"text-align: center; \">\r\n<div class=\"visualClear\"><img src=\"https://www.guadalupe.pi.leg.br/imagens/vereadores-1977-1983/petronio140.jpg\" alt=\"Petronio140.jpg\" class=\"image-inline\" title=\"Petronio140.jpg\" /></div>\r\n<div class=\"visualClear\"><strong>Petr\u00f4nio Mousinho</strong></div>\r\n</td>\r\n<td></td>\r\n<td></td>\r\n<td></td>\r\n</tr>\r\n<tr>\r\n<td style=\"text-align: center; \">\r\n<div class=\"visualClear\"><img src=\"https://www.guadalupe.pi.leg.br/imagens/vereadores-1977-1983/antonio-soares-de-sousa-monteiro.jpg\" alt=\"Antonio Soares de Sousa.jpg\" class=\"image-inline\" title=\"Antonio Soares de Sousa.jpg\" /></div>\r\n<div class=\"visualClear\"><strong>Antonio Soares<br /></strong></div>\r\n</td>\r\n<td style=\"text-align: center; \">\r\n<div class=\"visualClear\"><img src=\"https://www.guadalupe.pi.leg.br/imagens/vereadores-1977-1983/francisco-bezerra-gomes.jpg\" alt=\"Francisco Bezerra Gomes.jpg\" class=\"image-inline\" title=\"Francisco Bezerra Gomes.jpg\" /></div>\r\n<div class=\"visualClear\"><strong>Francisco Bezerra</strong></div>\r\n</td>\r\n<td></td>\r\n<td></td>\r\n<td></td>\r\n</tr>\r\n</tbody>\r\n</table>\r\n</div>\r\n</div>\r\n<div class=\"visualClear\">\r\n<div class=\"visualClear\"><strong><br /></strong></div>\r\n<h3 style=\"text-align: center; \"><strong><strong>8\u00aa Legislatura (01/02/1973 a 31/01/1977)</strong></strong></h3>\r\n<table class=\"plain\">\r\n<tbody>\r\n<tr><th style=\"text-align: center; \">\r\n<div class=\"visualClear\"><img src=\"https://www.guadalupe.pi.leg.br/imagens/vereadores-1973-1977/edivaldo-miguel-de-alencar.jpg\" alt=\"Edivaldo Miguel de Alencar.jpg\" class=\"image-inline\" title=\"Edivaldo Miguel de Alencar.jpg\" /></div>\r\n<div class=\"visualClear\">Edivaldo Alencar</div>\r\n</th><th style=\"text-align: center; \">\r\n<div class=\"visualClear\"><img src=\"https://www.guadalupe.pi.leg.br/imagens/vereadores-1973-1977/joao-cardoso-de-alencar140.jpg\" alt=\"Jo\u00e3o Cardoso de Alencar140.jpg\" class=\"image-inline\" title=\"Jo\u00e3o Cardoso de Alencar140.jpg\" /></div>\r\n<div class=\"visualClear\">Jo\u00e3o Alencar</div>\r\n</th><th style=\"text-align: center; \">\r\n<div class=\"visualClear\"><img src=\"https://www.guadalupe.pi.leg.br/imagens/vereadores-1973-1977/jose-do-egito-coelho-sobrinho.jpg\" alt=\"Jos\u00e9 do Egito Co\u00ealho Sobrinho.jpg\" class=\"image-inline\" title=\"Jos\u00e9 do Egito Co\u00ealho Sobrinho.jpg\" /></div>\r\n<div class=\"visualClear\">Jos\u00e9 do Egito</div>\r\n</th><th style=\"text-align: center; \">\r\n<div class=\"visualClear\"><img src=\"https://www.guadalupe.pi.leg.br/imagens/vereadores-1973-1977/jose-moreira-cavalcante.jpg\" alt=\"Jos\u00e9 Moreira Cavalcante.jpg\" class=\"image-inline\" title=\"Jos\u00e9 Moreira Cavalcante.jpg\" /></div>\r\n<div class=\"visualClear\">Jos\u00e9 Moreira</div>\r\n</th><th style=\"text-align: center; \">\r\n<div class=\"visualClear\"><img src=\"https://www.guadalupe.pi.leg.br/imagens/vereadores-1973-1977/ramiro-leite-reis.jpg\" alt=\"Ramiro Leite Reis.jpg\" class=\"image-inline\" title=\"Ramiro Leite Reis.jpg\" /></div>\r\n<div class=\"visualClear\">Ramiro Leite</div>\r\n</th></tr>\r\n<tr>\r\n<td style=\"text-align: center; \">\r\n<div class=\"visualClear\"><img src=\"https://www.guadalupe.pi.leg.br/imagens/vereadores-1973-1977/sebastiao-pereira-lima\" alt=\"Sebasti\u00e3o Pereira Lima\" class=\"image-inline\" title=\"Sebasti\u00e3o Pereira Lima\" /></div>\r\n<div class=\"visualClear\"><strong>Sebasti\u00e3o Lima</strong></div>\r\n</td>\r\n<td></td>\r\n<td></td>\r\n<td></td>\r\n<td></td>\r\n</tr>\r\n</tbody>\r\n</table>\r\n</div>\r\n<div class=\"visualClear\">\r\n<div class=\"visualClear\"><strong><br /></strong></div>\r\n<h3 style=\"text-align: center; \"><strong><strong>7\u00aa Legislatura (31/01/1971 a 30/01/1973)</strong></strong></h3>\r\n<table class=\"plain\">\r\n<tbody>\r\n<tr><th style=\"text-align: center; \">\r\n<div class=\"visualClear\"><img src=\"https://www.guadalupe.pi.leg.br/imagens/vereadores-1971-1973/benedito-jose-de-neiva-filho140.jpg\" alt=\"Benedito Jos\u00e9 de Neiva Filho140.JPG\" class=\"image-inline\" title=\"Benedito Jos\u00e9 de Neiva Filho140.JPG\" /></div>\r\n<div class=\"visualClear\">Benedito Neiva</div>\r\n</th><th>\r\n<div class=\"visualClear\" style=\"text-align: center; \"><img src=\"https://www.guadalupe.pi.leg.br/imagens/vereadores-1971-1973/jose-do-egito-coelho-sobrinho.jpg\" alt=\"Jos\u00e9 do Egito Co\u00ealho Sobrinho.jpg\" class=\"image-inline\" title=\"Jos\u00e9 do Egito Co\u00ealho Sobrinho.jpg\" /></div>\r\n<div class=\"visualClear\" style=\"text-align: center; \">Jos\u00e9 do Egito</div>\r\n</th><th style=\"text-align: center; \">\r\n<div class=\"visualClear\"><img src=\"https://www.guadalupe.pi.leg.br/imagens/vereadores-1971-1973/jose-moreira-da-silva\" alt=\"Jose Moreira da Silva\" class=\"image-inline\" title=\"Jose Moreira da Silva\" /></div>\r\n<div class=\"visualClear\">Jos\u00e9 Moreira</div>\r\n</th><th style=\"text-align: center; \">\r\n<div class=\"visualClear\"><img src=\"https://www.guadalupe.pi.leg.br/imagens/vereadores-1971-1973/petronio140.jpg\" alt=\"Petronio140.jpg\" class=\"image-inline\" title=\"Petronio140.jpg\" /></div>\r\n<div class=\"visualClear\">Petr\u00f4nio Mousinho</div>\r\n</th><th style=\"text-align: center; \">\r\n<div class=\"visualClear\"><img src=\"https://www.guadalupe.pi.leg.br/imagens/vereadores-1971-1973/sebastiao-pereira-lima.jpg\" alt=\"Sebasti\u00e3o Pereira Lima.jpg\" class=\"image-inline\" title=\"Sebasti\u00e3o Pereira Lima.jpg\" /></div>\r\n<div class=\"visualClear\">Sebasti\u00e3o Pereira</div>\r\n</th></tr>\r\n</tbody>\r\n</table>\r\n</div>\r\n<div class=\"visualClear\">\r\n<div class=\"visualClear\"><strong><br /></strong></div>\r\n<h3 style=\"text-align: center; \"><strong><strong>6\u00aa Legislatura (31/01/1967 a 30/01/1971)</strong></strong></h3>\r\n<table class=\"plain\">\r\n<tbody>\r\n<tr><th style=\"text-align: center; \">\r\n<div class=\"visualClear\"><img src=\"https://www.guadalupe.pi.leg.br/imagens/vereadores-1967-1971/everton-rodrigues-dos-santos140.jpg\" alt=\"Everton Rodrigues dos Santos140.jpg\" class=\"image-inline\" title=\"Everton Rodrigues dos Santos140.jpg\" /></div>\r\n<div class=\"visualClear\">Everton Rodrigues</div>\r\n</th><th style=\"text-align: center; \">\r\n<div class=\"visualClear\"><img src=\"https://www.guadalupe.pi.leg.br/imagens/vereadores-1967-1971/jose-carreiro-mousinho.jpg\" alt=\"Jos\u00e9 Carreiro Mousinho.jpg\" class=\"image-inline\" title=\"Jos\u00e9 Carreiro Mousinho.jpg\" /></div>\r\n<div class=\"visualClear\">Jos\u00e9 Carreiro</div>\r\n</th><th style=\"text-align: center; \">\r\n<div class=\"visualClear\"><img src=\"https://www.guadalupe.pi.leg.br/imagens/vereadores-1967-1971/manoel-ribeiro-da-fonseca140.jpg\" alt=\"Manoel Ribeiro da Fonseca140.jpg\" class=\"image-inline\" title=\"Manoel Ribeiro da Fonseca140.jpg\" /></div>\r\n<div class=\"visualClear\">Manoel Ribeiro</div>\r\n</th><th style=\"text-align: center; \">\r\n<div class=\"visualClear\"><img src=\"https://www.guadalupe.pi.leg.br/imagens/vereadores-1967-1971/raimundo-fernandes-lima.jpg\" alt=\"Raimundo Fernandes Lima.jpg\" class=\"image-inline\" title=\"Raimundo Fernandes Lima.jpg\" /></div>\r\n<div class=\"visualClear\">Raimundo Lima</div>\r\n</th><th style=\"text-align: center; \">\r\n<div class=\"visualClear\"><img src=\"https://www.guadalupe.pi.leg.br/imagens/vereadores-1967-1971/raimundo-rodrigues-mota.jpg\" alt=\"Raimundo Rodrigues Mota.jpg\" class=\"image-inline\" title=\"Raimundo Rodrigues Mota.jpg\" /></div>\r\n<div class=\"visualClear\">Raimundo Mota</div>\r\n</th></tr>\r\n</tbody>\r\n</table>\r\n</div>\r\n<div class=\"visualClear\"><strong><br /></strong></div>\r\n<div class=\"visualClear\">\r\n<h3 style=\"text-align: center; \"><strong><strong>5\u00aa Legislatura (31/01/1963 a 30/01/1967)</strong></strong></h3>\r\n<table class=\"plain\">\r\n<tbody>\r\n<tr><th style=\"text-align: center; \">\r\n<div class=\"visualClear\"><img src=\"https://www.guadalupe.pi.leg.br/imagens/vereadores-1963-1967/adelmar-de-sousa-lima.jpg\" alt=\"Adelmar de Sousa Lima.jpg\" class=\"image-inline\" title=\"Adelmar de Sousa Lima.jpg\" /></div>\r\n<div class=\"visualClear\">Adelmar dos Santos</div>\r\n</th><th>\r\n<div class=\"visualClear\" style=\"text-align: center; \"><img src=\"https://www.guadalupe.pi.leg.br/imagens/vereadores-1963-1967/antoniodasilvaribeiro140.jpg\" alt=\"AntoniodaSilvaRibeiro140.jpg\" class=\"image-inline\" title=\"AntoniodaSilvaRibeiro140.jpg\" /></div>\r\n<div class=\"visualClear\" style=\"text-align: center; \">Antonio Ribeiro</div>\r\n</th><th style=\"text-align: center; \">\r\n<div class=\"visualClear\"><img src=\"https://www.guadalupe.pi.leg.br/imagens/vereadores-1963-1967/jose-jociler-pereira140.jpg\" alt=\"Jos\u00e9 Jociler Pereira140.jpg\" class=\"image-inline\" title=\"Jos\u00e9 Jociler Pereira140.jpg\" /></div>\r\n<div class=\"visualClear\">Jociler Pereira</div>\r\n</th><th style=\"text-align: center; \">\r\n<div class=\"visualClear\"><img src=\"https://www.guadalupe.pi.leg.br/imagens/vereadores-1963-1967/manoel-ribeiro-da-fonseca140.jpg\" alt=\"Manoel Ribeiro da Fonseca140.jpg\" class=\"image-inline\" title=\"Manoel Ribeiro da Fonseca140.jpg\" /></div>\r\n<div class=\"visualClear\">Manoel Ribeiro</div>\r\n</th><th style=\"text-align: center; \">\r\n<div class=\"visualClear\"><img src=\"https://www.guadalupe.pi.leg.br/imagens/vereadores-1963-1967/raimundo-alves-carvalho140.jpg\" alt=\"Raimundo Alves Carvalho140.jpg\" class=\"image-inline\" title=\"Raimundo Alves Carvalho140.jpg\" /></div>\r\n<div class=\"visualClear\">Raimundo Alves</div>\r\n</th></tr>\r\n</tbody>\r\n</table>\r\n<div class=\"visualClear\"></div>\r\n<h3 style=\"text-align: center; \"><strong><strong>4\u00aa Legislatura (31/01/1959 a 30/01/1963)</strong></strong></h3>\r\n<table class=\"plain\">\r\n<tbody>\r\n<tr><th style=\"text-align: center; \">\r\n<div class=\"visualClear\"><img src=\"https://www.guadalupe.pi.leg.br/imagens/vereadores-1959-1963/adelmar-de-sousa-lima.jpg\" alt=\"Adelmar de Sousa Lima.jpg\" class=\"image-inline\" title=\"Adelmar de Sousa Lima.jpg\" /></div>\r\n<div class=\"visualClear\">Adelmar de Sousa</div>\r\n</th><th style=\"text-align: center; \">\r\n<div class=\"visualClear\"><img src=\"https://www.guadalupe.pi.leg.br/imagens/vereadores-1959-1963/antoniodasilvaribeiro140.jpg\" alt=\"AntoniodaSilvaRibeiro140.jpg\" class=\"image-inline\" title=\"AntoniodaSilvaRibeiro140.jpg\" /></div>\r\n<div class=\"visualClear\">Antonio da Silva</div>\r\n</th><th style=\"text-align: center; \">\r\n<div class=\"visualClear\"><img src=\"https://www.guadalupe.pi.leg.br/imagens/vereadores-1959-1963/deoclecio-trajano-da-silva.jpg\" alt=\"Deocl\u00e9cio Trajano da Silva.jpg\" class=\"image-inline\" title=\"Deocl\u00e9cio Trajano da Silva.jpg\" /></div>\r\n<div class=\"visualClear\">Deocl\u00e9cio Trajano</div>\r\n</th><th style=\"text-align: center; \">\r\n<div class=\"visualClear\"><img src=\"https://www.guadalupe.pi.leg.br/imagens/vereadores-1959-1963/elisio-mousinho140.jpg\" alt=\"Elisio Mousinho140.jpg\" class=\"image-inline\" title=\"Elisio Mousinho140.jpg\" /></div>\r\n<div class=\"visualClear\">Elizio Mousinho</div>\r\n</th><th style=\"text-align: center; \">\r\n<div class=\"visualClear\"><img src=\"https://www.guadalupe.pi.leg.br/imagens/vereadores-1959-1963/gervasio-goncalves-guimaraes140.jpg\" alt=\"Gerv\u00e1sio Gon\u00e7alves Guimar\u00e3es140.jpg\" class=\"image-inline\" title=\"Gerv\u00e1sio Gon\u00e7alves Guimar\u00e3es140.jpg\" /></div>\r\n<div class=\"visualClear\">Gerv\u00e1sio Guimar\u00e3es</div>\r\n</th></tr>\r\n</tbody>\r\n</table>\r\n<div class=\"visualClear\"></div>\r\n<h3 style=\"text-align: center; \"><strong><strong>3\u00aa Legislatura (31/01/1955 a 30/01/1959)</strong></strong></h3>\r\n<table class=\"plain\">\r\n<tbody>\r\n<tr><th>\r\n<div class=\"visualClear\"><img src=\"https://www.guadalupe.pi.leg.br/imagens/vereadores-1955-1959/antoniodasilvaribeiro140.jpg\" alt=\"AntoniodaSilvaRibeiro140.jpg\" class=\"image-inline\" title=\"AntoniodaSilvaRibeiro140.jpg\" /></div>\r\n<div class=\"visualClear\" style=\"text-align: center; \">Antonio Ribeiro</div>\r\n</th><th>\r\n<div class=\"visualClear\" style=\"text-align: center; \"><img src=\"https://www.guadalupe.pi.leg.br/imagens/vereadores-1955-1959/deoclecio-trajano-da-silva.jpg\" alt=\"Deocl\u00e9cio Trajano da Silva.jpg\" class=\"image-inline\" title=\"Deocl\u00e9cio Trajano da Silva.jpg\" /></div>\r\n<div class=\"visualClear\"><span>Deocl\u00e9cio Trajano</span></div>\r\n</th><th>\r\n<div class=\"visualClear\" style=\"text-align: center; \"><img src=\"https://www.guadalupe.pi.leg.br/imagens/vereadores-1955-1959/everton-rodrigues-dos-santos140.jpg\" alt=\"Everton Rodrigues dos Santos140.jpg\" class=\"image-inline\" title=\"Everton Rodrigues dos Santos140.jpg\" /></div>\r\n<div class=\"visualClear\">Everton Rodrigues</div>\r\n</th><th>\r\n<div class=\"visualClear\"><img src=\"https://www.guadalupe.pi.leg.br/imagens/vereadores-1955-1959/firmino-de-leite-brito140.jpg\" alt=\"Firmino de Leite Brito140.JPG\" class=\"image-inline\" title=\"Firmino de Leite Brito140.JPG\" /></div>\r\n<div class=\"visualClear\" style=\"text-align: center; \">Firmino Brito</div>\r\n</th><th>\r\n<div class=\"visualClear\" style=\"text-align: center; \"><img src=\"https://www.guadalupe.pi.leg.br/imagens/vereadores-1955-1959/gervasio-goncalves-guimaraes140.jpg\" alt=\"Gerv\u00e1sio Gon\u00e7alves Guimar\u00e3es140.jpg\" class=\"image-inline\" title=\"Gerv\u00e1sio Gon\u00e7alves Guimar\u00e3es140.jpg\" /></div>\r\n<div class=\"visualClear\" style=\"text-align: center; \">Gerv\u00e1sio Guimar\u00e3es</div>\r\n</th></tr>\r\n</tbody>\r\n</table>\r\n<br />\r\n<div class=\"visualClear\">\r\n<h3 style=\"text-align: center; \"><strong><strong>2\u00aa Legislatura (31/01/1951 a 30/01/1955)</strong></strong></h3>\r\n<table class=\"plain\">\r\n<tbody>\r\n<tr><th>\r\n<div class=\"visualClear\" style=\"text-align: center; \"><img src=\"https://www.guadalupe.pi.leg.br/imagens/vereadores-1951-1955/antonio-pinto-sobrinho.jpg\" alt=\"Ant\u00f4nio Pinto Sobrinho.jpg\" class=\"image-inline\" title=\"Ant\u00f4nio Pinto Sobrinho.jpg\" /></div>\r\n<div class=\"visualClear\" style=\"text-align: center; \">Ant\u00f4nio Pinto Sobrinho</div>\r\n</th><th>\r\n<div class=\"visualClear\"><img src=\"https://www.guadalupe.pi.leg.br/imagens/vereadores-1951-1955/basiliano140.jpg\" alt=\"Basiliano140.JPG\" class=\"image-inline\" title=\"Basiliano140.JPG\" /></div>\r\n<div class=\"visualClear\" style=\"text-align: center; \">Basiliano Porto</div>\r\n</th><th>\r\n<div class=\"visualClear\" style=\"text-align: center; \"><img src=\"https://www.guadalupe.pi.leg.br/imagens/vereadores-1951-1955/gervasio-goncalves-guimaraes140.jpg\" alt=\"Gerv\u00e1sio Gon\u00e7alves Guimar\u00e3es140.jpg\" class=\"image-inline\" title=\"Gerv\u00e1sio Gon\u00e7alves Guimar\u00e3es140.jpg\" /></div>\r\n<div class=\"visualClear\" style=\"text-align: center; \">Gerv\u00e1sio Guimar\u00e3es</div>\r\n</th><th>\r\n<div class=\"visualClear\" style=\"text-align: center; \"><img src=\"https://www.guadalupe.pi.leg.br/imagens/vereadores-1951-1955/joaquim-gomes-da-fonseca140.jpg\" alt=\"Joaquim Gomes da Fonseca140.jpg\" class=\"image-inline\" title=\"Joaquim Gomes da Fonseca140.jpg\" /></div>\r\n<div class=\"visualClear\" style=\"text-align: center; \">Joaquim da Fonseca</div>\r\n</th><th>\r\n<div class=\"visualClear\"><img src=\"https://www.guadalupe.pi.leg.br/imagens/vereadores-1951-1955/manoel-ribeiro-da-fonseca140.jpg\" alt=\"Manoel Ribeiro da Fonseca140.jpg\" class=\"image-inline\" title=\"Manoel Ribeiro da Fonseca140.jpg\" /></div>\r\n<div class=\"visualClear\" style=\"text-align: center; \">Manoel da Fonseca</div>\r\n</th></tr>\r\n<tr><th>\r\n<div class=\"visualClear\" style=\"text-align: center; \"><img src=\"https://www.guadalupe.pi.leg.br/imagens/vereadores-1951-1955/abraham-sandes.jpg\" alt=\"Abraham Sandes.jpg\" class=\"image-inline\" title=\"Abraham Sandes.jpg\" /></div>\r\n<div class=\"visualClear\" style=\"text-align: center; \">Abraham Sandes</div>\r\n</th><th>\r\n<div class=\"visualClear\" style=\"text-align: center; \"><img src=\"https://www.guadalupe.pi.leg.br/imagens/vereadores-1951-1955/everton-rodrigues-dos-santos140.jpg\" alt=\"Everton Rodrigues dos Santos140.jpg\" class=\"image-inline\" title=\"Everton Rodrigues dos Santos140.jpg\" /></div>\r\n<div class=\"visualClear\" style=\"text-align: center; \">Everton Rodrigues</div>\r\n</th><th>\r\n<div class=\"visualClear\" style=\"text-align: center; \"><img src=\"https://www.guadalupe.pi.leg.br/imagens/vereadores-1951-1955/georgiano-fernandes-lima.jpg\" alt=\"Georgiano Fernandes Lima.jpg\" class=\"image-inline\" title=\"Georgiano Fernandes Lima.jpg\" /></div>\r\n<div class=\"visualClear\" style=\"text-align: center; \">Georgiano Lima</div>\r\n</th><th>\r\n<div class=\"visualClear\" style=\"text-align: center; \"><img src=\"https://www.guadalupe.pi.leg.br/imagens/vereadores-1951-1955/joao-benvindo-de-albuquerque.jpg\" alt=\"Jo\u00e3o Benvindo de Albuquerque.jpg\" class=\"image-inline\" title=\"Jo\u00e3o Benvindo de Albuquerque.jpg\" /></div>\r\n<div class=\"visualClear\" style=\"text-align: center; \">Jo\u00e3o Benvindo</div>\r\n</th><th>\r\n<p>\u00a0</p>\r\n</th></tr>\r\n</tbody>\r\n</table>\r\n</div>\r\n<div class=\"visualClear\"><strong><br /></strong></div>\r\n<div class=\"visualClear\">\r\n<h3 style=\"text-align: center; \"><strong><strong>1\u00aa Legislatura (24/06/1948 a 30/01/1951)</strong></strong></h3>\r\n<table class=\"plain\">\r\n<tbody>\r\n<tr><th>\r\n<div class=\"visualClear\"><img src=\"https://www.guadalupe.pi.leg.br/imagens/vereadores-1948-1951/benedito-jose-de-neiva-filho140.jpg\" alt=\"Benedito Jos\u00e9 de Neiva Filho140.JPG\" class=\"image-inline\" title=\"Benedito Jos\u00e9 de Neiva Filho140.JPG\" /></div>\r\n<div class=\"visualClear\">Benedito Moreira</div>\r\n</th><th>\r\n<div class=\"visualClear\" style=\"text-align: center; \"><img src=\"https://www.guadalupe.pi.leg.br/imagens/vereadores-1948-1951/everton-rodrigues-dos-santos140.jpg\" alt=\"Everton Rodrigues dos Santos140.jpg\" class=\"image-inline\" title=\"Everton Rodrigues dos Santos140.jpg\" /></div>\r\n<div class=\"visualClear\">Everton Rodrigues</div>\r\n</th><th>\r\n<div class=\"visualClear\" style=\"text-align: center; \"><img src=\"https://www.guadalupe.pi.leg.br/imagens/vereadores-1948-1951/firmino-de-leite-brito140.jpg\" alt=\"Firmino de Leite Brito140.JPG\" class=\"image-inline\" title=\"Firmino de Leite Brito140.JPG\" /></div>\r\n<div class=\"visualClear\">Firmino Leite</div>\r\n</th><th>\r\n<div class=\"visualClear\" style=\"text-align: center; \"><img src=\"https://www.guadalupe.pi.leg.br/imagens/vereadores-1948-1951/manoel-ribeiro-da-fonseca140.jpg\" alt=\"Manoel Ribeiro da Fonseca140.jpg\" class=\"image-inline\" title=\"Manoel Ribeiro da Fonseca140.jpg\" /></div>\r\n<div class=\"visualClear\" style=\"text-align: center; \">Manoel Ribeiro</div>\r\n</th><th>\r\n<div class=\"visualClear\" style=\"text-align: center; \"><img src=\"https://www.guadalupe.pi.leg.br/imagens/vereadores-1948-1951/raimundo-alves-carvalho140.jpg\" alt=\"Raimundo Alves Carvalho140.jpg\" class=\"image-inline\" title=\"Raimundo Alves Carvalho140.jpg\" /></div>\r\n<div class=\"visualClear\">Raimundo Alves</div>\r\n</th></tr>\r\n<tr><th>\r\n<div class=\"visualClear\" style=\"text-align: center; \"><em><img src=\"https://www.guadalupe.pi.leg.br/imagens/sem-imagem.jpg\" alt=\"sem.imagem.jpg\" class=\"image-inline\" title=\"sem.imagem.jpg\" /></em></div>\r\n<div class=\"visualClear\"><em>Abraham Sandes</em></div>\r\n</th><th>\r\n<p>\u00a0</p>\r\n</th><th>\r\n<p>\u00a0</p>\r\n</th><th>\r\n<p>\u00a0</p>\r\n</th><th>\r\n<p>\u00a0</p>\r\n</th></tr>\r\n</tbody>\r\n</table>\r\n</div>\r\n</div>", "author_name": "", "version": "1.0", "author_url": "https://www.guadalupe.pi.leg.br/author/Secretario", "provider_name": "Camara Municipal", "type": "rich"}